{"id":362,"date":"2015-09-29T11:39:49","date_gmt":"2015-09-29T11:39:49","guid":{"rendered":"https:\/\/www.bulk.com\/pt\/the-core-pt\/?p=362"},"modified":"2025-04-25T13:36:19","modified_gmt":"2025-04-25T12:36:19","slug":"plano-alimentar-florian-bornschier","status":"publish","type":"post","link":"https:\/\/www.bulk.com\/pt\/the-core-pt\/plano-alimentar-florian-bornschier\/","title":{"rendered":"Plano alimentar Florian Bornschier"},"content":{"rendered":"<p align=\"justify\"><strong>Plano alimentar Florian Bornschier<\/strong><br \/>\nTodos n\u00f3s tentamos ficar numa melhor forma e uma boa maneira para fazer isso \u00e9 aprendendo com os outros. Neste blog mostramos-te como \u00e9 a dieta do nosso atleta e vais ficar surpreendido como \u00e9 que com pequenas altera\u00e7\u00f5es nos teus h\u00e1bitos alimentares te podem ajudar a atingir o teu objetivo.<\/p>\n<p align=\"justify\"><strong>Quem \u00e9 o Florian Bornschier<\/strong><br \/>\nO Florian \u00e9 modelo e \u00e9 um dos nossos atletas alem\u00e3o. J\u00e1 h\u00e1 7 anos que ele \u00e9 vegetariano e por isso tenta combinar diferentes fontes de prote\u00ednas com a sua dieta de vegetais e arroz. Ele usa suplementos, quando necess\u00e1rio, para elevar as suas macros ao m\u00e1ximo, mas obt\u00e9m grande parte dos nutrientes atrav\u00e9s da sua alimenta\u00e7\u00e3o. Ele possui uma dieta rica em prote\u00ednas e hidratos de carbono, mas sempre com um consumo de gordura muito restrita.<\/p>\n<p align=\"justify\"><strong>Macros Di\u00e1rias: <\/strong>45% Prote\u00ednas, 40% Hidratos de Carbono e 15% de Gorduras<br \/>\nAqui fica um exemplo do que ele come durante um dia normal (inclui trabalho + treino)<\/p>\n<p align=\"justify\"><a href=\"https:\/\/www.bulk.com\/pt\/the-core-pt\/wp-content\/uploads\/sites\/10\/2015\/09\/plano-alimentar-pequeno-almoco.jpg\"><img loading=\"lazy\" decoding=\"async\" class=\"alignnone size-full wp-image-373\" src=\"\/the-core-pt\/wp-content\/uploads\/sites\/10\/2015\/09\/plano-alimentar-pequeno-almoco.jpg\" alt=\"plano alimentar pequeno almoco\" width=\"758\" height=\"300\" srcset=\"https:\/\/www.bulk.com\/pt\/the-core-pt\/wp-content\/uploads\/sites\/10\/2015\/09\/plano-alimentar-pequeno-almoco.jpg 758w, https:\/\/www.bulk.com\/pt\/the-core-pt\/wp-content\/uploads\/sites\/10\/2015\/09\/plano-alimentar-pequeno-almoco-533x211.jpg 533w, https:\/\/www.bulk.com\/pt\/the-core-pt\/wp-content\/uploads\/sites\/10\/2015\/09\/plano-alimentar-pequeno-almoco-300x119.jpg 300w\" sizes=\"auto, (max-width: 758px) 100vw, 758px\" \/><\/a><\/p>\n<p align=\"justify\"><strong>Pequeno-almo\u00e7o:<\/strong><\/p>\n<ul>\n<li style=\"text-align: justify\">Come\u00e7o o meu dia com 500g de iogurte de soja misturado com uma scoop de <strong><a href=\"https:\/\/www.bulk.com\/pt\/products\/proteina-whey\/bpb-wpc8-0000\" target=\"_blank\" rel=\"noopener noreferrer\">Prote\u00edna Whey de Chocolate de Amendoim<\/a>;<\/strong><\/li>\n<li style=\"text-align: justify\">Tamb\u00e9m misturo fruta, uma ma\u00e7a \u00e0s fatias e 3 morangos cortados;<\/li>\n<li style=\"text-align: justify\">Tamb\u00e9m gosto de uma boa dose de <strong><a href=\"https:\/\/www.bulk.com\/pt\/vitamins\" target=\"_blank\" rel=\"noopener noreferrer\">vitaminas e minerais<\/a> <\/strong>pela manh\u00e3, por isso tomo <strong>Vegetais Completos <\/strong>com sumo de fruta.<\/li>\n<\/ul>\n<p><a href=\"https:\/\/www.bulk.com\/pt\/the-core-pt\/wp-content\/uploads\/sites\/10\/2015\/09\/plano-alimentar-bulk-almoco.jpg\"><img loading=\"lazy\" decoding=\"async\" class=\"alignnone size-full wp-image-375\" src=\"\/the-core-pt\/wp-content\/uploads\/sites\/10\/2015\/09\/plano-alimentar-bulk-almoco.jpg\" alt=\"plano alimentar bulk almoco\" width=\"758\" height=\"300\" srcset=\"https:\/\/www.bulk.com\/pt\/the-core-pt\/wp-content\/uploads\/sites\/10\/2015\/09\/plano-alimentar-bulk-almoco.jpg 758w, https:\/\/www.bulk.com\/pt\/the-core-pt\/wp-content\/uploads\/sites\/10\/2015\/09\/plano-alimentar-bulk-almoco-533x211.jpg 533w, https:\/\/www.bulk.com\/pt\/the-core-pt\/wp-content\/uploads\/sites\/10\/2015\/09\/plano-alimentar-bulk-almoco-300x119.jpg 300w\" sizes=\"auto, (max-width: 758px) 100vw, 758px\" \/><\/a><\/p>\n<p align=\"justify\"><strong>Almo\u00e7o<\/strong><\/p>\n<ul>\n<li style=\"text-align: justify\">Ao Almo\u00e7o como 200g de Tofu e 200g de arroz integral, normalmente com molho de tomate e or\u00e9g\u00e3os, adiciono ainda br\u00f3colos e espargos.<\/li>\n<\/ul>\n<p><a href=\"https:\/\/www.bulk.com\/pt\/the-core-pt\/wp-content\/uploads\/sites\/10\/2015\/09\/plano-alimentar-lanche.jpg\"><img loading=\"lazy\" decoding=\"async\" class=\"alignnone size-full wp-image-368\" src=\"\/the-core-pt\/wp-content\/uploads\/sites\/10\/2015\/09\/plano-alimentar-lanche.jpg\" alt=\"plano alimentar lanche\" width=\"758\" height=\"300\" srcset=\"https:\/\/www.bulk.com\/pt\/the-core-pt\/wp-content\/uploads\/sites\/10\/2015\/09\/plano-alimentar-lanche.jpg 758w, https:\/\/www.bulk.com\/pt\/the-core-pt\/wp-content\/uploads\/sites\/10\/2015\/09\/plano-alimentar-lanche-533x211.jpg 533w, https:\/\/www.bulk.com\/pt\/the-core-pt\/wp-content\/uploads\/sites\/10\/2015\/09\/plano-alimentar-lanche-300x119.jpg 300w\" sizes=\"auto, (max-width: 758px) 100vw, 758px\" \/><\/a><\/p>\n<p align=\"justify\"><strong>Lanche<\/strong><\/p>\n<ul>\n<li style=\"text-align: justify\">Normalmente como uma ou uma <strong><a href=\"https:\/\/www.bulk.com\/pt\/proteinas\/barras-proteicas-2\" target=\"_blank\" rel=\"noopener noreferrer\">barra proteica<\/a><\/strong><strong>\u00a0<\/strong>para me ajudar a continuar o dia ou mesmo para atingir as minhas macros. Acho que todos os sabores s\u00e3o incr\u00edveis mas tenho uma queda pelo novo sabor de Chocolate e Laranja.<\/li>\n<li style=\"text-align: justify\">Caso necessite de algumas calorias como uma ma\u00e7a ou tomo um batido de <strong><a href=\"https:\/\/www.bulk.com\/pt\/products\/proteina-de-arroz-integral-80\/bpb-brp8-0000\" target=\"_blank\" rel=\"noopener noreferrer\">Prote\u00edna de arroz integral 80%<\/a><\/strong><\/li>\n<\/ul>\n<p><a href=\"https:\/\/www.bulk.com\/pt\/the-core-pt\/wp-content\/uploads\/sites\/10\/2015\/09\/plano-alimentar-jantar.jpg\"><img loading=\"lazy\" decoding=\"async\" class=\"alignnone size-full wp-image-372\" src=\"\/the-core-pt\/wp-content\/uploads\/sites\/10\/2015\/09\/plano-alimentar-jantar.jpg\" alt=\"plano alimentar jantar\" width=\"758\" height=\"300\" srcset=\"https:\/\/www.bulk.com\/pt\/the-core-pt\/wp-content\/uploads\/sites\/10\/2015\/09\/plano-alimentar-jantar.jpg 758w, https:\/\/www.bulk.com\/pt\/the-core-pt\/wp-content\/uploads\/sites\/10\/2015\/09\/plano-alimentar-jantar-533x211.jpg 533w, https:\/\/www.bulk.com\/pt\/the-core-pt\/wp-content\/uploads\/sites\/10\/2015\/09\/plano-alimentar-jantar-300x119.jpg 300w\" sizes=\"auto, (max-width: 758px) 100vw, 758px\" \/><\/a><\/p>\n<p align=\"justify\"><strong>Jantar <\/strong><\/p>\n<ul>\n<li style=\"text-align: justify\">Normalmente como algo r\u00e1pido e nutritivo como 400g de <em>cottage cheese <\/em>misturado com uma scoop de <strong><a href=\"https:\/\/www.bulk.com\/pt\/products\/caseina-micelar-pt\/bpb-mpi9-0000\" target=\"_blank\" rel=\"noopener noreferrer\">Case\u00edna micelar<\/a>. <\/strong>O facto de misturar Case\u00edna micelar com o <em>cottage cheese <\/em>que j\u00e1 tem case\u00edna natural mantem os meus m\u00fasculos abastecidos durante a noite enquanto durmo.<\/li>\n<li style=\"text-align: justify\">Normalmente tamb\u00e9m adiciono canela para melhorar o sabor e ajudar a regular a circula\u00e7\u00e3o sanguina, al\u00e9m de misturar tamb\u00e9m alguns morangos.<\/li>\n<\/ul>\n<p><a href=\"https:\/\/www.bulk.com\/pt\/the-core-pt\/wp-content\/uploads\/sites\/10\/2015\/09\/plano-alimentar-pre-treino.jpg\"><img loading=\"lazy\" decoding=\"async\" class=\"alignnone size-full wp-image-371\" src=\"\/the-core-pt\/wp-content\/uploads\/sites\/10\/2015\/09\/plano-alimentar-pre-treino.jpg\" alt=\"plano alimentar pre treino\" width=\"758\" height=\"300\" srcset=\"https:\/\/www.bulk.com\/pt\/the-core-pt\/wp-content\/uploads\/sites\/10\/2015\/09\/plano-alimentar-pre-treino.jpg 758w, https:\/\/www.bulk.com\/pt\/the-core-pt\/wp-content\/uploads\/sites\/10\/2015\/09\/plano-alimentar-pre-treino-533x211.jpg 533w, https:\/\/www.bulk.com\/pt\/the-core-pt\/wp-content\/uploads\/sites\/10\/2015\/09\/plano-alimentar-pre-treino-300x119.jpg 300w\" sizes=\"auto, (max-width: 758px) 100vw, 758px\" \/><\/a><\/p>\n<p align=\"justify\"><strong>Pr\u00e9 Treino<\/strong><\/p>\n<ul>\n<li style=\"text-align: justify\">Sem d\u00favida alguma o <strong><a href=\"https:\/\/www.bulk.com\/pt\/products\/elevate-suplemento-pre-treino\/bpps-elev\" target=\"_blank\" rel=\"noopener noreferrer\">ELEVATE\u2122<\/a> <\/strong>\u00e9 o meu <strong><a href=\"https:\/\/www.bulk.com\/pt\/nutricao-desporto\/suplementos-pre-treino\" target=\"_blank\" rel=\"noopener noreferrer\">suplemento pr\u00e9 treino<\/a> <\/strong>favorito. Desde que o experimentei a primeira vez, nunca mais quis saber de outro.<\/li>\n<li style=\"text-align: justify\">Normalmente tamb\u00e9m consumo 5g de <strong><a href=\"https:\/\/www.bulk.com\/pt\/products\/creatina-hcl-pt\/bpb-chcl-0000\" target=\"_blank\" rel=\"noopener noreferrer\">Creatina HCL<\/a><\/strong>. J\u00e1 experimentei v\u00e1rias formas de Creatina mas a HCL \u00e9 a que funciona melhor para mim.<\/li>\n<\/ul>\n<p><a href=\"https:\/\/www.bulk.com\/pt\/the-core-pt\/wp-content\/uploads\/sites\/10\/2015\/09\/plano-alimentar-intra-treino.jpg\"><img loading=\"lazy\" decoding=\"async\" class=\"alignnone size-full wp-image-370\" src=\"\/the-core-pt\/wp-content\/uploads\/sites\/10\/2015\/09\/plano-alimentar-intra-treino.jpg\" alt=\"plano alimentar intra treino\" width=\"758\" height=\"300\" srcset=\"https:\/\/www.bulk.com\/pt\/the-core-pt\/wp-content\/uploads\/sites\/10\/2015\/09\/plano-alimentar-intra-treino.jpg 758w, https:\/\/www.bulk.com\/pt\/the-core-pt\/wp-content\/uploads\/sites\/10\/2015\/09\/plano-alimentar-intra-treino-533x211.jpg 533w, https:\/\/www.bulk.com\/pt\/the-core-pt\/wp-content\/uploads\/sites\/10\/2015\/09\/plano-alimentar-intra-treino-300x119.jpg 300w\" sizes=\"auto, (max-width: 758px) 100vw, 758px\" \/><\/a><\/p>\n<p align=\"justify\"><strong>Durante o Treino<\/strong><\/p>\n<ul>\n<li style=\"text-align: justify\">Normalmente fa\u00e7o uma mistura de <strong><a href=\"https:\/\/www.bulk.com\/pt\/products\/bcaa-em-po-instantaneo\/bpb-ibca-0000\" target=\"_blank\" rel=\"noopener noreferrer\">BCAA instant\u00e2neo<\/a><\/strong> (Cola) ou <strong>INFORMED BCAA\u2122<\/strong> (Manga Laranja) com uma scoop de <strong><a href=\"https:\/\/www.bulk.com\/pt\/products\/peptidos-de-glutamina-pt\/bpb-gpep-0000\" target=\"_blank\" rel=\"noopener noreferrer\">P\u00e9ptidos de glutamina<\/a>.<\/strong><\/li>\n<\/ul>\n<p><a href=\"https:\/\/www.bulk.com\/pt\/the-core-pt\/wp-content\/uploads\/sites\/10\/2015\/09\/plano-alimentar-pos-treino.jpg\"><img loading=\"lazy\" decoding=\"async\" class=\"alignnone size-full wp-image-369\" src=\"\/the-core-pt\/wp-content\/uploads\/sites\/10\/2015\/09\/plano-alimentar-pos-treino.jpg\" alt=\"plano alimentar pos treino\" width=\"758\" height=\"300\" srcset=\"https:\/\/www.bulk.com\/pt\/the-core-pt\/wp-content\/uploads\/sites\/10\/2015\/09\/plano-alimentar-pos-treino.jpg 758w, https:\/\/www.bulk.com\/pt\/the-core-pt\/wp-content\/uploads\/sites\/10\/2015\/09\/plano-alimentar-pos-treino-533x211.jpg 533w, https:\/\/www.bulk.com\/pt\/the-core-pt\/wp-content\/uploads\/sites\/10\/2015\/09\/plano-alimentar-pos-treino-300x119.jpg 300w\" sizes=\"auto, (max-width: 758px) 100vw, 758px\" \/><\/a><\/p>\n<p align=\"justify\"><strong>P\u00f3s Treino<\/strong><\/p>\n<ul>\n<li style=\"text-align: justify\">F\u00e1cil\u2026 2 Scoops de Prote\u00edna de arroz integral 80%<\/li>\n<\/ul>\n<p align=\"justify\">Resumindo<br \/>\nComo podes ver o plano alimentar do Florian \u00e9 basicamente feita atrav\u00e9s de prote\u00edna e hidratos. O almo\u00e7o tende a ser a maior refei\u00e7\u00e3o que ele faz durante o dia, sendo que o pequeno-almo\u00e7o e o jantar s\u00e3o refei\u00e7\u00f5es mais ligeiras. Ao fim do dia ele assegura que o seu corpo vai estar alimentado durante toda a noite, mesmo quando dorme, da\u00ed ele tomar prote\u00ednas de liberta\u00e7\u00e3o lenta.<\/p>\n","protected":false},"excerpt":{"rendered":"<p>Plano alimentar Florian Bornschier Todos n\u00f3s tentamos ficar numa melhor forma e uma boa maneira para fazer isso \u00e9 aprendendo com os outros. Neste blog mostramos-te como \u00e9 a dieta&#8230;<\/p>\n","protected":false},"author":15,"featured_media":366,"comment_status":"closed","ping_status":"open","sticky":false,"template":"","format":"standard","meta":{"footnotes":"","_links_to":"","_links_to_target":""},"categories":[3],"tags":[119],"class_list":["post-362","post","type-post","status-publish","format-standard","has-post-thumbnail","hentry","category-dieta-e-nutricao","tag-plano-alimentar"],"_links":{"self":[{"href":"https:\/\/www.bulk.com\/pt\/the-core-pt\/wp-json\/wp\/v2\/posts\/362","targetHints":{"allow":["GET"]}}],"collection":[{"href":"https:\/\/www.bulk.com\/pt\/the-core-pt\/wp-json\/wp\/v2\/posts"}],"about":[{"href":"https:\/\/www.bulk.com\/pt\/the-core-pt\/wp-json\/wp\/v2\/types\/post"}],"author":[{"embeddable":true,"href":"https:\/\/www.bulk.com\/pt\/the-core-pt\/wp-json\/wp\/v2\/users\/15"}],"replies":[{"embeddable":true,"href":"https:\/\/www.bulk.com\/pt\/the-core-pt\/wp-json\/wp\/v2\/comments?post=362"}],"version-history":[{"count":17,"href":"https:\/\/www.bulk.com\/pt\/the-core-pt\/wp-json\/wp\/v2\/posts\/362\/revisions"}],"predecessor-version":[{"id":18511,"href":"https:\/\/www.bulk.com\/pt\/the-core-pt\/wp-json\/wp\/v2\/posts\/362\/revisions\/18511"}],"wp:featuredmedia":[{"embeddable":true,"href":"https:\/\/www.bulk.com\/pt\/the-core-pt\/wp-json\/wp\/v2\/media\/366"}],"wp:attachment":[{"href":"https:\/\/www.bulk.com\/pt\/the-core-pt\/wp-json\/wp\/v2\/media?parent=362"}],"wp:term":[{"taxonomy":"category","embeddable":true,"href":"https:\/\/www.bulk.com\/pt\/the-core-pt\/wp-json\/wp\/v2\/categories?post=362"},{"taxonomy":"post_tag","embeddable":true,"href":"https:\/\/www.bulk.com\/pt\/the-core-pt\/wp-json\/wp\/v2\/tags?post=362"}],"curies":[{"name":"wp","href":"https:\/\/api.w.org\/{rel}","templated":true}]}}